{"id":5045,"date":"2020-06-17T21:12:43","date_gmt":"2020-06-17T21:12:43","guid":{"rendered":"https:\/\/cumbrespreschool.edu.co\/?p=5045"},"modified":"2021-05-26T16:02:48","modified_gmt":"2021-05-26T16:02:48","slug":"fadya-suarez","status":"publish","type":"post","link":"https:\/\/www.cumbresbogota.edu.co\/preescolar\/2020\/06\/17\/fadya-suarez\/","title":{"rendered":"Fadya Su\u00e1rez"},"content":{"rendered":"<p>Nos sentimos muy felices de ser parte de la familia Cumbres, en donde encontramos una formaci\u00f3n cat\u00f3lica para nuestros hijos. Vamos creciendo en este caminar como padres en donde encontramos siempre una gu\u00eda, una ayuda y un apoyo incondicional. Valoramos que para el colegio lo m\u00e1s importante es la persona y que cada uno de nuestros hijos es valorado por lo que es y tratado de forma individual con amor y respeto.<!--more--><\/p>\n","protected":false},"excerpt":{"rendered":"<p>Nos sentimos muy felices de ser parte de la familia Cumbres, en donde encontramos una formaci\u00f3n cat\u00f3lica para nuestros hijos. Vamos creciendo en este caminar como padres en donde encontramos siempre una gu\u00eda, una ayuda y un apoyo incondicional. Valoramos [&hellip;]<\/p>\n","protected":false},"author":1,"featured_media":5063,"comment_status":"open","ping_status":"open","sticky":false,"template":"","format":"quote","meta":{"inline_featured_image":false},"categories":[112],"tags":[],"yoast_head":"<!-- This site is optimized with the Yoast SEO plugin v20.2 - https:\/\/yoast.com\/wordpress\/plugins\/seo\/ -->\n<title>Fadya Su\u00e1rez - Cumbres Preschool Bogot\u00e1<\/title>\n<meta name=\"description\" content=\"Nos sentimos muy felices de ser parte de la familia Cumbres, en donde encontramos una formaci\u00f3n cat\u00f3lica para nuestros hijos.\" \/>\n<meta name=\"robots\" content=\"index, follow, max-snippet:-1, max-image-preview:large, max-video-preview:-1\" \/>\n<link rel=\"canonical\" href=\"https:\/\/www.cumbresbogota.edu.co\/preescolar\/2020\/06\/17\/fadya-suarez\/\" \/>\n<meta property=\"og:locale\" content=\"es_ES\" \/>\n<meta property=\"og:type\" content=\"article\" \/>\n<meta property=\"og:title\" content=\"Fadya Su\u00e1rez - Cumbres Preschool Bogot\u00e1\" \/>\n<meta property=\"og:description\" content=\"Nos sentimos muy felices de ser parte de la familia Cumbres, en donde encontramos una formaci\u00f3n cat\u00f3lica para nuestros hijos.\" \/>\n<meta property=\"og:url\" content=\"https:\/\/www.cumbresbogota.edu.co\/preescolar\/2020\/06\/17\/fadya-suarez\/\" \/>\n<meta property=\"og:site_name\" content=\"Cumbres Preschool Bogot\u00e1\" \/>\n<meta property=\"article:publisher\" content=\"https:\/\/www.facebook.com\/CumbresPreschool\/\" \/>\n<meta property=\"article:published_time\" content=\"2020-06-17T21:12:43+00:00\" \/>\n<meta property=\"article:modified_time\" content=\"2021-05-26T16:02:48+00:00\" \/>\n<meta property=\"og:image\" content=\"https:\/\/www.cumbresbogota.edu.co\/preescolar\/wp-content\/uploads\/2020\/06\/WhatsApp-Image-2020-06-17-at-5.06.22-PM.jpeg\" \/>\n\t<meta property=\"og:image:width\" content=\"863\" \/>\n\t<meta property=\"og:image:height\" content=\"779\" \/>\n\t<meta property=\"og:image:type\" content=\"image\/jpeg\" \/>\n<meta name=\"author\" content=\"adminGRW\" \/>\n<meta name=\"twitter:card\" content=\"summary_large_image\" \/>\n<meta name=\"twitter:label1\" content=\"Escrito por\" \/>\n\t<meta name=\"twitter:data1\" content=\"adminGRW\" \/>\n<script type=\"application\/ld+json\" class=\"yoast-schema-graph\">{\"@context\":\"https:\/\/schema.org\",\"@graph\":[{\"@type\":\"Article\",\"@id\":\"https:\/\/www.cumbresbogota.edu.co\/preescolar\/2020\/06\/17\/fadya-suarez\/#article\",\"isPartOf\":{\"@id\":\"https:\/\/www.cumbresbogota.edu.co\/preescolar\/2020\/06\/17\/fadya-suarez\/\"},\"author\":{\"name\":\"adminGRW\",\"@id\":\"https:\/\/www.cumbresbogota.edu.co\/preescolar\/#\/schema\/person\/a3f30e46204c370bc4ee9282475c106e\"},\"headline\":\"Fadya Su\u00e1rez\",\"datePublished\":\"2020-06-17T21:12:43+00:00\",\"dateModified\":\"2021-05-26T16:02:48+00:00\",\"mainEntityOfPage\":{\"@id\":\"https:\/\/www.cumbresbogota.edu.co\/preescolar\/2020\/06\/17\/fadya-suarez\/\"},\"wordCount\":79,\"commentCount\":0,\"publisher\":{\"@id\":\"https:\/\/www.cumbresbogota.edu.co\/preescolar\/#organization\"},\"articleSection\":[\"Testimonios\"],\"inLanguage\":\"es\",\"potentialAction\":[{\"@type\":\"CommentAction\",\"name\":\"Comment\",\"target\":[\"https:\/\/www.cumbresbogota.edu.co\/preescolar\/2020\/06\/17\/fadya-suarez\/#respond\"]}]},{\"@type\":\"WebPage\",\"@id\":\"https:\/\/www.cumbresbogota.edu.co\/preescolar\/2020\/06\/17\/fadya-suarez\/\",\"url\":\"https:\/\/www.cumbresbogota.edu.co\/preescolar\/2020\/06\/17\/fadya-suarez\/\",\"name\":\"Fadya Su\u00e1rez - Cumbres Preschool Bogot\u00e1\",\"isPartOf\":{\"@id\":\"https:\/\/www.cumbresbogota.edu.co\/preescolar\/#website\"},\"datePublished\":\"2020-06-17T21:12:43+00:00\",\"dateModified\":\"2021-05-26T16:02:48+00:00\",\"description\":\"Nos sentimos muy felices de ser parte de la familia Cumbres, en donde encontramos una formaci\u00f3n cat\u00f3lica para nuestros hijos.\",\"breadcrumb\":{\"@id\":\"https:\/\/www.cumbresbogota.edu.co\/preescolar\/2020\/06\/17\/fadya-suarez\/#breadcrumb\"},\"inLanguage\":\"es\",\"potentialAction\":[{\"@type\":\"ReadAction\",\"target\":[\"https:\/\/www.cumbresbogota.edu.co\/preescolar\/2020\/06\/17\/fadya-suarez\/\"]}]},{\"@type\":\"BreadcrumbList\",\"@id\":\"https:\/\/www.cumbresbogota.edu.co\/preescolar\/2020\/06\/17\/fadya-suarez\/#breadcrumb\",\"itemListElement\":[{\"@type\":\"ListItem\",\"position\":1,\"name\":\"Home\",\"item\":\"https:\/\/www.cumbresbogota.edu.co\/preescolar\/\"},{\"@type\":\"ListItem\",\"position\":2,\"name\":\"Fadya Su\u00e1rez\"}]},{\"@type\":\"WebSite\",\"@id\":\"https:\/\/www.cumbresbogota.edu.co\/preescolar\/#website\",\"url\":\"https:\/\/www.cumbresbogota.edu.co\/preescolar\/\",\"name\":\"Cumbres Preschool Bogot\u00e1\",\"description\":\"Descubriendo su mundo\",\"publisher\":{\"@id\":\"https:\/\/www.cumbresbogota.edu.co\/preescolar\/#organization\"},\"potentialAction\":[{\"@type\":\"SearchAction\",\"target\":{\"@type\":\"EntryPoint\",\"urlTemplate\":\"https:\/\/www.cumbresbogota.edu.co\/preescolar\/?s={search_term_string}\"},\"query-input\":\"required name=search_term_string\"}],\"inLanguage\":\"es\"},{\"@type\":\"Organization\",\"@id\":\"https:\/\/www.cumbresbogota.edu.co\/preescolar\/#organization\",\"name\":\"Cumbres Preschool Bogot\u00e1\",\"url\":\"https:\/\/www.cumbresbogota.edu.co\/preescolar\/\",\"logo\":{\"@type\":\"ImageObject\",\"inLanguage\":\"es\",\"@id\":\"https:\/\/www.cumbresbogota.edu.co\/preescolar\/#\/schema\/logo\/image\/\",\"url\":\"\",\"contentUrl\":\"\",\"caption\":\"Cumbres Preschool Bogot\u00e1\"},\"image\":{\"@id\":\"https:\/\/www.cumbresbogota.edu.co\/preescolar\/#\/schema\/logo\/image\/\"},\"sameAs\":[\"https:\/\/www.facebook.com\/CumbresPreschool\/\",\"https:\/\/www.instagram.com\/cumbrespreschool\/\",\"https:\/\/www.youtube.com\/channel\/UCoDAk6RUyJviQwp3G34MfgQ\"]},{\"@type\":\"Person\",\"@id\":\"https:\/\/www.cumbresbogota.edu.co\/preescolar\/#\/schema\/person\/a3f30e46204c370bc4ee9282475c106e\",\"name\":\"adminGRW\",\"image\":{\"@type\":\"ImageObject\",\"inLanguage\":\"es\",\"@id\":\"https:\/\/www.cumbresbogota.edu.co\/preescolar\/#\/schema\/person\/image\/\",\"url\":\"https:\/\/secure.gravatar.com\/avatar\/67f6cc1e5044dc1be01d8d0e20a4488a?s=96&d=mm&r=g\",\"contentUrl\":\"https:\/\/secure.gravatar.com\/avatar\/67f6cc1e5044dc1be01d8d0e20a4488a?s=96&d=mm&r=g\",\"caption\":\"adminGRW\"},\"sameAs\":[\"https:\/\/cumbrespreschool.viawebrc.com\"]}]}<\/script>\n<!-- \/ Yoast SEO plugin. -->","yoast_head_json":{"title":"Fadya Su\u00e1rez - Cumbres Preschool Bogot\u00e1","description":"Nos sentimos muy felices de ser parte de la familia Cumbres, en donde encontramos una formaci\u00f3n cat\u00f3lica para nuestros hijos.","robots":{"index":"index","follow":"follow","max-snippet":"max-snippet:-1","max-image-preview":"max-image-preview:large","max-video-preview":"max-video-preview:-1"},"canonical":"https:\/\/www.cumbresbogota.edu.co\/preescolar\/2020\/06\/17\/fadya-suarez\/","og_locale":"es_ES","og_type":"article","og_title":"Fadya Su\u00e1rez - Cumbres Preschool Bogot\u00e1","og_description":"Nos sentimos muy felices de ser parte de la familia Cumbres, en donde encontramos una formaci\u00f3n cat\u00f3lica para nuestros hijos.","og_url":"https:\/\/www.cumbresbogota.edu.co\/preescolar\/2020\/06\/17\/fadya-suarez\/","og_site_name":"Cumbres Preschool Bogot\u00e1","article_publisher":"https:\/\/www.facebook.com\/CumbresPreschool\/","article_published_time":"2020-06-17T21:12:43+00:00","article_modified_time":"2021-05-26T16:02:48+00:00","og_image":[{"width":863,"height":779,"url":"https:\/\/www.cumbresbogota.edu.co\/preescolar\/wp-content\/uploads\/2020\/06\/WhatsApp-Image-2020-06-17-at-5.06.22-PM.jpeg","type":"image\/jpeg"}],"author":"adminGRW","twitter_card":"summary_large_image","twitter_misc":{"Escrito por":"adminGRW"},"schema":{"@context":"https:\/\/schema.org","@graph":[{"@type":"Article","@id":"https:\/\/www.cumbresbogota.edu.co\/preescolar\/2020\/06\/17\/fadya-suarez\/#article","isPartOf":{"@id":"https:\/\/www.cumbresbogota.edu.co\/preescolar\/2020\/06\/17\/fadya-suarez\/"},"author":{"name":"adminGRW","@id":"https:\/\/www.cumbresbogota.edu.co\/preescolar\/#\/schema\/person\/a3f30e46204c370bc4ee9282475c106e"},"headline":"Fadya Su\u00e1rez","datePublished":"2020-06-17T21:12:43+00:00","dateModified":"2021-05-26T16:02:48+00:00","mainEntityOfPage":{"@id":"https:\/\/www.cumbresbogota.edu.co\/preescolar\/2020\/06\/17\/fadya-suarez\/"},"wordCount":79,"commentCount":0,"publisher":{"@id":"https:\/\/www.cumbresbogota.edu.co\/preescolar\/#organization"},"articleSection":["Testimonios"],"inLanguage":"es","potentialAction":[{"@type":"CommentAction","name":"Comment","target":["https:\/\/www.cumbresbogota.edu.co\/preescolar\/2020\/06\/17\/fadya-suarez\/#respond"]}]},{"@type":"WebPage","@id":"https:\/\/www.cumbresbogota.edu.co\/preescolar\/2020\/06\/17\/fadya-suarez\/","url":"https:\/\/www.cumbresbogota.edu.co\/preescolar\/2020\/06\/17\/fadya-suarez\/","name":"Fadya Su\u00e1rez - Cumbres Preschool Bogot\u00e1","isPartOf":{"@id":"https:\/\/www.cumbresbogota.edu.co\/preescolar\/#website"},"datePublished":"2020-06-17T21:12:43+00:00","dateModified":"2021-05-26T16:02:48+00:00","description":"Nos sentimos muy felices de ser parte de la familia Cumbres, en donde encontramos una formaci\u00f3n cat\u00f3lica para nuestros hijos.","breadcrumb":{"@id":"https:\/\/www.cumbresbogota.edu.co\/preescolar\/2020\/06\/17\/fadya-suarez\/#breadcrumb"},"inLanguage":"es","potentialAction":[{"@type":"ReadAction","target":["https:\/\/www.cumbresbogota.edu.co\/preescolar\/2020\/06\/17\/fadya-suarez\/"]}]},{"@type":"BreadcrumbList","@id":"https:\/\/www.cumbresbogota.edu.co\/preescolar\/2020\/06\/17\/fadya-suarez\/#breadcrumb","itemListElement":[{"@type":"ListItem","position":1,"name":"Home","item":"https:\/\/www.cumbresbogota.edu.co\/preescolar\/"},{"@type":"ListItem","position":2,"name":"Fadya Su\u00e1rez"}]},{"@type":"WebSite","@id":"https:\/\/www.cumbresbogota.edu.co\/preescolar\/#website","url":"https:\/\/www.cumbresbogota.edu.co\/preescolar\/","name":"Cumbres Preschool Bogot\u00e1","description":"Descubriendo su mundo","publisher":{"@id":"https:\/\/www.cumbresbogota.edu.co\/preescolar\/#organization"},"potentialAction":[{"@type":"SearchAction","target":{"@type":"EntryPoint","urlTemplate":"https:\/\/www.cumbresbogota.edu.co\/preescolar\/?s={search_term_string}"},"query-input":"required name=search_term_string"}],"inLanguage":"es"},{"@type":"Organization","@id":"https:\/\/www.cumbresbogota.edu.co\/preescolar\/#organization","name":"Cumbres Preschool Bogot\u00e1","url":"https:\/\/www.cumbresbogota.edu.co\/preescolar\/","logo":{"@type":"ImageObject","inLanguage":"es","@id":"https:\/\/www.cumbresbogota.edu.co\/preescolar\/#\/schema\/logo\/image\/","url":"","contentUrl":"","caption":"Cumbres Preschool Bogot\u00e1"},"image":{"@id":"https:\/\/www.cumbresbogota.edu.co\/preescolar\/#\/schema\/logo\/image\/"},"sameAs":["https:\/\/www.facebook.com\/CumbresPreschool\/","https:\/\/www.instagram.com\/cumbrespreschool\/","https:\/\/www.youtube.com\/channel\/UCoDAk6RUyJviQwp3G34MfgQ"]},{"@type":"Person","@id":"https:\/\/www.cumbresbogota.edu.co\/preescolar\/#\/schema\/person\/a3f30e46204c370bc4ee9282475c106e","name":"adminGRW","image":{"@type":"ImageObject","inLanguage":"es","@id":"https:\/\/www.cumbresbogota.edu.co\/preescolar\/#\/schema\/person\/image\/","url":"https:\/\/secure.gravatar.com\/avatar\/67f6cc1e5044dc1be01d8d0e20a4488a?s=96&d=mm&r=g","contentUrl":"https:\/\/secure.gravatar.com\/avatar\/67f6cc1e5044dc1be01d8d0e20a4488a?s=96&d=mm&r=g","caption":"adminGRW"},"sameAs":["https:\/\/cumbrespreschool.viawebrc.com"]}]}},"_links":{"self":[{"href":"https:\/\/www.cumbresbogota.edu.co\/preescolar\/wp-json\/wp\/v2\/posts\/5045"}],"collection":[{"href":"https:\/\/www.cumbresbogota.edu.co\/preescolar\/wp-json\/wp\/v2\/posts"}],"about":[{"href":"https:\/\/www.cumbresbogota.edu.co\/preescolar\/wp-json\/wp\/v2\/types\/post"}],"author":[{"embeddable":true,"href":"https:\/\/www.cumbresbogota.edu.co\/preescolar\/wp-json\/wp\/v2\/users\/1"}],"replies":[{"embeddable":true,"href":"https:\/\/www.cumbresbogota.edu.co\/preescolar\/wp-json\/wp\/v2\/comments?post=5045"}],"version-history":[{"count":4,"href":"https:\/\/www.cumbresbogota.edu.co\/preescolar\/wp-json\/wp\/v2\/posts\/5045\/revisions"}],"predecessor-version":[{"id":5161,"href":"https:\/\/www.cumbresbogota.edu.co\/preescolar\/wp-json\/wp\/v2\/posts\/5045\/revisions\/5161"}],"wp:featuredmedia":[{"embeddable":true,"href":"https:\/\/www.cumbresbogota.edu.co\/preescolar\/wp-json\/wp\/v2\/media\/5063"}],"wp:attachment":[{"href":"https:\/\/www.cumbresbogota.edu.co\/preescolar\/wp-json\/wp\/v2\/media?parent=5045"}],"wp:term":[{"taxonomy":"category","embeddable":true,"href":"https:\/\/www.cumbresbogota.edu.co\/preescolar\/wp-json\/wp\/v2\/categories?post=5045"},{"taxonomy":"post_tag","embeddable":true,"href":"https:\/\/www.cumbresbogota.edu.co\/preescolar\/wp-json\/wp\/v2\/tags?post=5045"}],"curies":[{"name":"wp","href":"https:\/\/api.w.org\/{rel}","templated":true}]}}